{"id":5023,"date":"2026-06-11T10:38:00","date_gmt":"2026-06-11T08:38:00","guid":{"rendered":"https:\/\/naszerelacje.pl\/?p=5023"},"modified":"2026-06-19T09:33:55","modified_gmt":"2026-06-19T07:33:55","slug":"o-stawaniu-sie-psychoterapeuta-gestalt-rozmowa-rafala-stolarka-z-dominikiem-juszczykiem","status":"publish","type":"post","link":"https:\/\/naszerelacje.pl\/index.php\/o-stawaniu-sie-psychoterapeuta-gestalt-rozmowa-rafala-stolarka-z-dominikiem-juszczykiem\/","title":{"rendered":"O stawaniu si\u0119 psychoterapeut\u0105 Gestalt"},"content":{"rendered":"W tym wpisie zapraszam Ci\u0119 do pos\u0142uchania odcinka podcastu Z pasj\u0105 o mocnych stronach, prowadzonego przez Dominika Juszczyka, w kt\u00f3rym rozmawiamy na temat mojej drogi stawania si\u0119 psychoterapeut\u0105.\r\n\r\n<!--more-->\r\n<div class=\"episode-single__header\"><span style=\"font-size: 1.3em; font-weight: bold;\">Bycie w\u0105tpi\u0105cym<\/span><\/div>\r\n<div class=\"episode-single__description\">\r\n\r\nDzisiaj, jako psychoterapeuta Gestalt pracuj\u0119 ze studentami szk\u00f3\u0142 psychoterapii w ramach psychoterapii szkoleniowej. Ale nie zawsze tak by\u0142o. Najpierw sam przeszed\u0142em swoj\u0105 drog\u0119 zawodowej, na kt\u00f3rej by\u0142em klientem psychoterapii jak r\u00f3wnie\u017c psychoterapii szkoleniowej.\r\n\r\nZapraszam Ci\u0119 do wys\u0142uchania\/obejrzenia rozmowy o mojej drodze zawodowej i tym jak sta\u0142em si\u0119 psychoterapeut\u0105 Gestalt. Rozmawiamy o tym z Dominikiem Juszczykiem, od kt\u00f3rego mia\u0142em przyjemno\u015b\u0107 otrzyma\u0107 zaproszenie do jego podcastu.\r\n\r\nLinki do miejsc, w kt\u00f3rych mo\u017cna nas pos\u0142ucha\u0107:\r\n\r\n<div class=\"ast-oembed-container \" style=\"height: 100%;\"><iframe loading=\"lazy\" title=\"#291 Bycie w\u0105tpi\u0105cym. Rozmowa z Rafa\u0142em Stolarkiem\" width=\"500\" height=\"281\" src=\"https:\/\/www.youtube.com\/embed\/9Tp9mZ_YK-w?feature=oembed&#038;enablejsapi=1&#038;origin=https:\/\/naszerelacje.pl\" frameborder=\"0\" allow=\"accelerometer; autoplay; clipboard-write; encrypted-media; gyroscope; picture-in-picture; web-share\" referrerpolicy=\"strict-origin-when-cross-origin\" allowfullscreen><\/iframe><\/div>\r\n\r\n<div class=\"ast-oembed-container \" style=\"height: 100%;\"><iframe title=\"Spotify Embed: #291 Bycie w\u0105tpi\u0105cym. Rozmowa z Rafa\u0142em Stolarkiem\" style=\"border-radius: 12px\" width=\"100%\" height=\"152\" frameborder=\"0\" allowfullscreen allow=\"autoplay; clipboard-write; encrypted-media; fullscreen; picture-in-picture\" loading=\"lazy\" src=\"https:\/\/open.spotify.com\/embed\/episode\/6sanFcAHVjJv1w1fAWYAhA?si=GCIpaRfrQ2WjhjLDDNiH-g&amp;utm_source=oembed\"><\/iframe><\/div>\r\n\r\n<blockquote class=\"wp-embedded-content\" data-secret=\"qXhem0Xb3q\"><a href=\"https:\/\/dominikjuszczyk.pl\/2026\/06\/291-bycie-watpiacym-rozmowa-z-rafalem-stolarkiem\/\">#291\u00a0Bycie w\u0105tpi\u0105cym. Rozmowa z Rafa\u0142em Stolarkiem<\/a><\/blockquote><iframe loading=\"lazy\" class=\"wp-embedded-content\" sandbox=\"allow-scripts\" security=\"restricted\" style=\"position: absolute; visibility: hidden;\" title=\"&#8222;#291\u00a0Bycie w\u0105tpi\u0105cym. Rozmowa z Rafa\u0142em Stolarkiem&#8221; &#8212; Near-Perfect Performance\" src=\"https:\/\/dominikjuszczyk.pl\/2026\/06\/291-bycie-watpiacym-rozmowa-z-rafalem-stolarkiem\/embed\/#?secret=qdazmu2OPZ#?secret=qXhem0Xb3q\" data-secret=\"qXhem0Xb3q\" width=\"500\" height=\"282\" frameborder=\"0\" marginwidth=\"0\" marginheight=\"0\" scrolling=\"no\"><\/iframe>\r\n\r\n<\/div>\r\n<div class=\"episode-single__description\"><span style=\"font-size: 1.7em; font-weight: bold;\">Streszczenie<\/span><\/div>\r\n<div>\u0179r\u00f3d\u0142o: <a href=\"https:\/\/dominikjuszczyk.pl\/2026\/06\/291-bycie-watpiacym-rozmowa-z-rafalem-stolarkiem\/\">https:\/\/dominikjuszczyk.pl\/2026\/06\/291-bycie-watpiacym-rozmowa-z-rafalem-stolarkiem\/<\/a><\/div>\r\n<div><\/div>\r\n<div>\r\n<h3 id=\"h-kim-jest-rafal-stolarek\" class=\"wp-block-heading\">Kim jest Rafa\u0142 Stolarek?<\/h3>\r\n<strong>Dominik:<\/strong>\u00a0Zwykle zostawiam go\u015bciom przyjemno\u015b\u0107 przedstawienia si\u0119. Kim jeste\u015b, Rafa\u0142?\r\n\r\n<strong>Rafa\u0142:<\/strong>\u00a0Na dzisiaj powiem, \u017ce jestem psychoterapeut\u0105. Pracuj\u0119 indywidualnie, z parami i z grupami \u2013 w Piasecznie pod Warszaw\u0105 i online.\r\n\r\n<strong>Dominik:<\/strong>\u00a0To, co by\u0142o moj\u0105 motywacj\u0105 do zaproszenia Ciebie, to Twoja droga przej\u015bcia od jednego zawodu do zawodu psychoterapeuty. Wiele os\u00f3b w moim otoczeniu my\u015bli \u201eja te\u017c bym chcia\u0142, ale si\u0119 boj\u0119\u201d albo \u201ejestem ju\u017c za stary\u201d \u2013 i m\u00f3wi\u0105 tak zar\u00f3wno osoby 30-letnie, jak i 55-letnie. To narysujmy ten obraz \u2013 co robi\u0142e\u015b zanim zosta\u0142e\u015b psychoterapeut\u0105?\r\n<h3 id=\"h-pierwsza-kariera-od-kaset-magnetofonowych-do-project-managementu\" class=\"wp-block-heading\">Pierwsza kariera \u2013 od kaset magnetofonowych do project managementu<\/h3>\r\n<strong>Rafa\u0142:<\/strong>\u00a0Na starcie mojej kariery totalnie nie wiedzia\u0142em, co robi\u0107. Nie by\u0142o doradc\u00f3w zawodowych, nie by\u0142o takiego wsparcia jak dzi\u015b. Moja pierwsza praca to by\u0142a sprzeda\u017c p\u0142yt i kaset magnetofonowych. Po prostu chcia\u0142em zacz\u0105\u0107 pracowa\u0107. Potem trafi\u0142em do firmy ubezpieczeniowej i tam dowiedzia\u0142em si\u0119, \u017ce istniej\u0105 projekty informatyczne. Mog\u0142em uczestniczy\u0107 jako tester w jednym projekcie i mnie to zafascynowa\u0142o. Stopniowo, jak ten osio\u0142ek w szeregu \u201eto ja, to ja, to ja\u201d, wygrywa\u0142em sobie drog\u0119 \u2013 najpierw jako analityk biznesowy, potem naturalnie kierowa\u0142em si\u0119 w stron\u0119 project managementu.\r\n\r\n<strong>Dominik:<\/strong>\u00a0Czy ta droga by\u0142a zwi\u0105zana z wyborem studi\u00f3w, czy raczej z okazjami zawodowymi?\r\n\r\n<strong>Rafa\u0142:<\/strong>\u00a0Moje wybory na pocz\u0105tku opiera\u0142y si\u0119 na wyobra\u017ceniach i powinno\u015bciach \u2013 \u017ce trzeba mie\u0107 dobr\u0105 prac\u0119. Poszed\u0142em na SGH na studia zaoczne. Jeden z wyk\u0142adowc\u00f3w powiedzia\u0142 na otwarciu, \u017ce zaoczne studia to dobra droga, bo mo\u017cna jednocze\u015bnie zdobywa\u0107 do\u015bwiadczenie. Jako\u015b mi to zad\u017awi\u0119cza\u0142o i zosta\u0142em. A jednocze\u015bnie szuka\u0142em pracy. Raczej kierowa\u0142em si\u0119 intuicj\u0105 i potrzeb\u0105 bezpiecze\u0144stwa.\r\n<h3 id=\"h-kiedy-pojawila-sie-mysl-o-zmianie\" class=\"wp-block-heading\">Kiedy pojawi\u0142a si\u0119 my\u015bl o zmianie?<\/h3>\r\n<strong>Dominik:<\/strong>\u00a0Napisa\u0142e\u015b, \u017ce kierunek do psychoterapii obra\u0142e\u015b jakie\u015b 8\u20139 lat temu. Ile mia\u0142e\u015b lat, kiedy pomy\u015bla\u0142e\u015b o zmianie?\r\n\r\n<strong>Rafa\u0142:<\/strong>\u00a0Trudno mi wskaza\u0107 konkretny moment, bo to nie by\u0142o nag\u0142e przebudzenie. Raczej odwrotnie \u2013 najpierw posypa\u0142o mi si\u0119 w \u017cyciu prywatnym. Do\u015bwiadczy\u0142em kryzysu. Zawodowo sz\u0142o mi ca\u0142kiem dobrze, ale prywatnie si\u0119 pokomplikowa\u0142o. Mia\u0142em wtedy takie my\u015blenie o psychoterapii, \u017ce to jest co\u015b dla ludzi z powa\u017cnymi problemami \u2013 troch\u0119 stereotypowe podej\u015bcie.\r\n\r\nM\u00f3j pierwszy kontakt z terapi\u0105 by\u0142 taki, \u017ce kolega poleci\u0142 mi psychoterapeutk\u0119, kt\u00f3ra jemu pomog\u0142a. Poszed\u0142em do niej, potem na terapi\u0119 grupow\u0105 \u2013 rok, dwa lata. I dopiero po kilku latach pojawi\u0142a si\u0119 my\u015bl: \u201ea w sumie to nawet ciekawe jest\u201d. Podzieli\u0142em si\u0119 tym z kole\u017cank\u0105, a ona powiedzia\u0142a: \u201eja to bym ci\u0119 w tym widzia\u0142a\u201d. To by\u0142y takie pierwsze sygna\u0142y.\r\n\r\n<strong>Rafa\u0142:<\/strong>\u00a0Mi\u0119dzyczasie w dotychczasowej karierze awansowa\u0142em \u2013 stanowisko mened\u017cerskie, samoch\u00f3d s\u0142u\u017cbowy, ca\u0142kiem dobra pensja. Stabilno\u015b\u0107 i bezpiecze\u0144stwo, kt\u00f3rego w\u0142a\u015bciwie chcia\u0142em. Ale zrobi\u0142a si\u0119 z tego taka z\u0142ota klatka. I zacz\u0119\u0142o d\u017awi\u0119cze\u0107 pytanie: czy ja chc\u0119 to robi\u0107 do emerytury?\r\n\r\n<strong>Dominik:<\/strong>\u00a0Ile mia\u0142e\u015b lat, kiedy te pytania si\u0119 pojawi\u0142y?\r\n\r\n<strong>Rafa\u0142:<\/strong>\u00a0Jakie\u015b 37\u201338. Wi\u0119c w\u0142a\u015bnie \u2013 \u201ep\u00f3\u017ano\u201d. Doszed\u0142em tutaj, tu ju\u017c nie ma sensu zmienia\u0107 \u015bcie\u017cki. To si\u0119 nie spina.\r\n<h3 id=\"h-dominik-o-swoim-doswiadczeniu-zmiany\" class=\"wp-block-heading\">Dominik o swoim do\u015bwiadczeniu zmiany<\/h3>\r\n<strong>Dominik:<\/strong>\u00a0Ja nie mia\u0142em a\u017c takiego zwrotu w karierze, ale te\u017c ko\u0142o tego wieku przeszed\u0142em z etatu. Firma IT, pozycja mened\u017cerska, fajna firma, mo\u017cliwo\u015b\u0107 latania do Norwegii. Moim jasnym sygna\u0142em by\u0142o to, \u017ce zacz\u0105\u0142em si\u0119 nudzi\u0107 \u2013 nie widzia\u0142em, czego mog\u0142em si\u0119 nowego nauczy\u0107. Czy u Ciebie by\u0142o podobnie? Czy po drugiej stronie, w tamtej pracy, by\u0142o co\u015b, co Ci\u0119 od niej odpycha\u0142o?\r\n\r\n<strong>Rafa\u0142:<\/strong>\u00a0By\u0142 taki rodzaj stagnacji. Zauwa\u017cy\u0142em, \u017ce si\u0119 nie rozwijam. Warunki spoko, ale czuj\u0119 statyczno\u015b\u0107. Na pocz\u0105tku my\u015bla\u0142em: zmieni\u0119 firm\u0119, p\u00f3jd\u0119 bardziej w project management. A psychoterapi\u0119 potraktuj\u0119 jako rozw\u00f3j umiej\u0119tno\u015bci mi\u0119kkich. Ka\u017cdy na szkoleniach m\u00f3wi, \u017ce mi\u0119kkie umiej\u0119tno\u015bci si\u0119 przydaj\u0105 w zarz\u0105dzaniu projektami. Wi\u0119c to sobie potestuj\u0119.\r\n\r\nPraktycznie zmieni\u0142em prac\u0119, rozwin\u0105\u0142em si\u0119 jako project manager, dosz\u0142y role w projektach zwinnych, w produktach. I wszystko, czego uczy\u0142em si\u0119 w szkole terapeutycznej, sprawia\u0142o, \u017ce mi by\u0142o l\u017cej w pracy. Tam, gdzie w przesz\u0142o\u015bci utyka\u0142em, projekty stawa\u0142y si\u0119 l\u017cejsze, ludzie bardziej zadowoleni. M\u00f3j zakres mo\u017cliwo\u015bci w trudnych momentach w projektach si\u0119 powi\u0119ksza\u0142.\r\n<h3 id=\"h-droga-edukacyjna-od-intra-do-szkoly-gestalt\" class=\"wp-block-heading\">Droga edukacyjna \u2013 od INTRA do szko\u0142y Gestalt<\/h3>\r\n<strong>Rafa\u0142:<\/strong>\u00a0Poszed\u0142em do rocznej szko\u0142y humanistycznej INTRA w Warszawie. A propos tego, \u017ce \u201ejestem za stary\u201d \u2013 gdybym najpierw szed\u0142 na psychologi\u0119, potem cztery lata psychoterapii, l\u0105duj\u0119 w okolicach emerytury.\r\n\r\n<strong>Dominik:<\/strong>\u00a0Postrzeganej emerytury, bo ta realna jest troch\u0119 dalej.\r\n\r\n<strong>Rafa\u0142:<\/strong>\u00a0W prze\u017cyciu to jest ju\u017c czas, a przeskok astronomiczny. Ale porozmawia\u0142em z kole\u017cank\u0105, kt\u00f3ra da\u0142a namiar do kogo\u015b, kto mi obja\u015bni\u0142, \u017ce s\u0105 inne drogi, kt\u00f3rych nie dostrzega\u0142em. Poleci\u0142a INTRA \u2013 poszed\u0142em tam i to by\u0142o prze\u017cycie zmieniaj\u0105ce \u017cycie. Jedna z prowadz\u0105cych okaza\u0142a si\u0119 gestaltystk\u0105. Dop\u00f3ki jej nie pozna\u0142em, nie wiedzia\u0142em, \u017ce istnieje co\u015b takiego jak nurt Gestalt w psychoterapii. Jak j\u0105 zobaczy\u0142em i poczu\u0142em, \u017ce \u201eo, to fajne jest, ja tak chc\u0119 jak ona\u201d \u2013 z tej szko\u0142y poszed\u0142em do czteroletniej szko\u0142y Gestalt.\r\n\r\nNie mia\u0142em planu na 10 lat do przodu. Raczej znajdowa\u0142em kolejn\u0105 \u015bcie\u017ck\u0119, jak by\u0142em na bie\u017c\u0105cej.\r\n\r\n<strong>Dominik:<\/strong>\u00a0Jak gra RPG. Jeden z tapeniach krok\u00f3w i otwiera\u0142y si\u0119 nowe mo\u017cliwo\u015bci. Moja praca z talentami Gallupa zacz\u0119\u0142a si\u0119 nie dlatego, \u017ce chcia\u0142em by\u0107 trenerem Gallupa, tylko dlatego, \u017ce chcia\u0142em by\u0107 lepszym mened\u017cerem dla swoich ludzi. Okaza\u0142o si\u0119, \u017ce to umo\u017cliwi\u0142o mi zupe\u0142nie inn\u0105 prac\u0119.\r\n<h3 id=\"h-laczenie-dwoch-swiatow\" class=\"wp-block-heading\">\u0141\u0105czenie dw\u00f3ch \u015bwiat\u00f3w<\/h3>\r\n<strong>Dominik:<\/strong>\u00a0Szko\u0142y, superwizje, pierwsze sesje \u2013 zaczyna brakowa\u0107 czasu. Jak \u0142\u0105czy\u0142e\u015b jedno z drugim?\r\n\r\n<strong>Rafa\u0142:<\/strong>\u00a0Na pocz\u0105tku to nie jest taki du\u017cy challenge. Uwa\u017cam, \u017ce nie jest odpowiedzialne, \u017ceby od razu otwiera\u0107 du\u017co proces\u00f3w terapeutycznych. To, \u017ce mia\u0142em ugruntowane \u017cycie zawodowe, dawa\u0142o mi czas na d\u0142u\u017csz\u0105 prac\u0119 z jednym klientem, potem dodawa\u0142em drugi, trzeci proces. Mia\u0142em czas na asymilacj\u0119. Szczeg\u00f3lnie na pocz\u0105tku po ka\u017cdej sesji ci\u0119 \u201ewywala\u201d \u2013 wracasz do swoich ogranicze\u0144 i potrzebujesz du\u017co czasu.\r\n\r\nSzko\u0142y by\u0142y w weekendy, to by\u0142o obci\u0105\u017caj\u0105ce, ale do ogarni\u0119cia. W pewnym momencie mia\u0142em 5\u20137, mo\u017ce 8 proces\u00f3w terapeutycznych i jednocze\u015bnie pracowa\u0142em na kontrakcie w IT. Przeszed\u0142em na dzia\u0142alno\u015b\u0107, kontrakt umo\u017cliwia\u0142 prac\u0119 na mniej godzin. Wi\u0119c w IT pracowa\u0142em mniej godzin, w gabinecie robi\u0142em dodatkowe. Finansowo to wygl\u0105da\u0142o wr\u0119cz pozytywnie \u2013 dwa \u017ar\u00f3d\u0142a przychodu. Ale wiedzia\u0142em, \u017ce nie da si\u0119 tak w niesko\u0144czono\u015b\u0107.\r\n\r\n<strong>Dominik:<\/strong>\u00a0W\u0142a\u015bnie pokazujemy tutaj jedn\u0105 wa\u017cn\u0105 rzecz. Wiele os\u00f3b my\u015bli, \u017ce przebran\u017cowienie to jest zero-jedynkowy switch \u2013 wy\u0142\u0105czam jedno, w\u0142\u0105czam drugie. A my tu oboje m\u00f3wimy o kilkuletnim procesie przechodzenia.\r\n\r\n<strong>Rafa\u0142:<\/strong>\u00a0I bez jasnego celu na ko\u0144cu. To nie jest jak w projekcie, \u017ce mam wyobra\u017cony konkretny rezultat. Raczej wchodz\u0119 na drog\u0119, kt\u00f3ra nie wiadomo dok\u0105d prowadzi. I najwy\u017cej zostan\u0119 w tej pracy, w kt\u00f3rej jestem.\r\n<h3 id=\"h-energia-do-zmiany-i-kwestia-odpowiedzialnosci\" class=\"wp-block-heading\">Energia do zmiany i kwestia odpowiedzialno\u015bci<\/h3>\r\n<strong>Dominik:<\/strong>\u00a0Co Ciebie zasila\u0142o? Co by\u0142o \u0142atwe, a co by\u0142o wyzwaniem?\r\n\r\n<strong>Rafa\u0142:<\/strong>\u00a0Ja nie mia\u0142em poczucia, \u017ce mam wyb\u00f3r. Do\u015bwiadczy\u0142em du\u017cego kryzysu i uwa\u017ca\u0142em, \u017ce staj\u0119 przed konieczno\u015bci\u0105 powa\u017cnej zmiany w \u017cyciu. Bycie na tej \u015bcie\u017cce dawa\u0142o mi energi\u0119 \u2013 \u017ceby i\u015b\u0107 do pracy, \u017ceby tam eksperymentowa\u0107. Baterie by\u0142y w \u017cyciu pozazawodowym. I co ciekawe \u2013 dobre mia\u0142em w obu przestrzeniach. Jedno wysyca\u0142o drugie.\r\n\r\n<strong>Rafa\u0142:<\/strong>\u00a0Wa\u017cne jest te\u017c, dlaczego chc\u0119 to robi\u0107. Nie jest dobrym pomys\u0142em i\u015b\u0107 w kierunku psychoterapii, \u017ceby ratowa\u0107 w\u0142asne deficyty. To jest fatalne \u2013 dla klient\u00f3w i dla samego siebie. Dzi\u0119ki temu, \u017ce mia\u0142em grunt zawodowy, mia\u0142em bud\u017cet na siebie. Mog\u0142em sobie da\u0107 czas, \u017ceby si\u0119 upewni\u0107, czy naprawd\u0119 tego chc\u0119. My\u015bl\u0119 o tej pierwszej cz\u0119\u015bci kariery \u2013 wiele moich wybor\u00f3w opiera\u0142o si\u0119 na l\u0119ku o przetrwanie i bezpiecze\u0144stwo. A tutaj chodzi\u0142o o to, czego ja naprawd\u0119 chc\u0119.\r\n<h3 id=\"h-co-z-poprzedniej-pracy-zostaje-w-gabinecie-terapeutycznym\" class=\"wp-block-heading\">Co z poprzedniej pracy zostaje w gabinecie terapeutycznym?<\/h3>\r\n<strong>Dominik:<\/strong>\u00a0Na ile w Twojej roli terapeuty wida\u0107 Twoj\u0105 przesz\u0142o\u015b\u0107 zawodow\u0105?\r\n\r\n<strong>Rafa\u0142:<\/strong>\u00a0Og\u00f3lnie \u2013 mam poczucie, \u017ce wiele os\u00f3b my\u015bli o rozwoju jako o czym\u015b hierarchicznym: jestem taki, potem przestaj\u0119 by\u0107 taki, jestem bardziej o\u015bwiecony, tamto znika. A ja uwa\u017cam, \u017ce rozw\u00f3j polega na tym, \u017ce to jest taki kontener mo\u017cliwych przejawie\u0144. Jestem project managerem i do tego dodaj\u0119 analityka, do tego terapeut\u0119, do tego prowadz\u0119 grup\u0119 dla m\u0119\u017cczyzn. Mog\u0119 si\u0119 przejawia\u0107 na r\u00f3\u017cne sposoby.\r\n\r\nKonkretnie \u2013 ta umiej\u0119tno\u015b\u0107 dochodzenia do sedna sprawy z project managementu, \u0142\u0105czenie kropek, synteza. Ludzie si\u0119 czasami dziwi\u0105, \u017ce na sesji m\u00f3wi\u0119: \u201ena naszym pierwszym spotkaniu m\u00f3wi\u0142 Pan co\u015b podobnego\u201d \u2013 a min\u0119\u0142y dwa lata. To rodzaj projektowego my\u015blenia. Setting terapeutyczny \u2013 50 minut, raz na tydzie\u0144, kalendarz \u2013 kwestie organizacyjne, kt\u00f3re dla project managera s\u0105 proste.\r\n\r\nAle to, czego nauczy\u0142em si\u0119 na \u015bcie\u017cce terapeutycznej, jest r\u00f3wnie wa\u017cne. Kiedy\u015b by\u0142em bardzo zamkni\u0119tym cz\u0142owiekiem. To, co teraz robi\u0119 \u2013 podcast, publikowanie \u2013 m\u00f3j kolega reagowa\u0142 emotikonem zdziwionej bu\u017aki. Mam poczucie, \u017ce przeszed\u0142em dalek\u0105 drog\u0119. Z czasem l\u0119k si\u0119 zmniejsza, a pojawia si\u0119 wi\u0119cej ciekawo\u015bci.\r\n\r\n<strong>Dominik:<\/strong>\u00a0Dla mnie dzia\u0142anie jest antidotum na l\u0119k. Rozbijam l\u0119k dzia\u0142aniem.\r\n\r\n<strong>Rafa\u0142:<\/strong>\u00a0Ja mia\u0142em tendencj\u0119 do snucia scenariuszy analitycznie, ale z dzia\u0142aniem, szczeg\u00f3lnie we w\u0142asnej sprawie, utyka\u0142em. Dlatego tu przyszed\u0142em \u2013 mog\u0119 sobie wyobra\u017ca\u0107, ale i tak nie wiem, jak b\u0119dzie, dop\u00f3ki nie spr\u00f3buj\u0119.\r\n<h3 id=\"h-wsparcie-i-reakcje-otoczenia\" class=\"wp-block-heading\">Wsparcie i reakcje otoczenia<\/h3>\r\n<strong>Dominik:<\/strong>\u00a0Jakie mia\u0142e\u015b wsparcie? Jak reagowa\u0142y osoby w Twoim \u017cyciu?\r\n\r\n<strong>Rafa\u0142:<\/strong>\u00a0Sam nie wiedzia\u0142em, dok\u0105d mnie to doprowadzi. Troch\u0119 mi si\u0119 to wydawa\u0142o nawet dziwne. Wi\u0119c skrupulatnie wybiera\u0142em osoby, z kt\u00f3rymi si\u0119 dzieli\u0142em. Najbli\u017csza rodzina i przyjaciele wiedzieli \u2013 i tam mia\u0142em wsparcie, oni rozumieli, o co mi chodzi. Szerzej si\u0119 nie dzieli\u0142em.\r\n<h3 id=\"h-puszczanie-barierki-moment-definiujacy\" class=\"wp-block-heading\">Puszczanie barierki \u2013 moment definiuj\u0105cy<\/h3>\r\n<strong>Dominik:<\/strong>\u00a0Mam wok\u00f3\u0142 siebie osoby, kt\u00f3re zrobi\u0142y podobny krok. Dla mnie du\u017cym wyzwaniem by\u0142o puszczenie \u201ez\u0142otej klatki\u201d \u2013 zarobki w IT by\u0142y naprawd\u0119 wysokie. Jak u Ciebie wygl\u0105da\u0142 aspekt finansowy?\r\n\r\n<strong>Rafa\u0142:<\/strong>\u00a0Poduszka finansowa jako\u015b mnie o to g\u0142owa nie bola\u0142a. Mia\u0142em drobne oszcz\u0119dno\u015bci, wiedzia\u0142em, \u017ce umrze\u0107 z g\u0142odu mi nikt nie da. Ale to wyobra\u017cenie wej\u015bcia w nieprzewidywalno\u015b\u0107, puszczenia si\u0119 barierki \u2013 to by\u0142o bardzo trudne.\r\n\r\nWraca\u0142y mi dwie my\u015bli. Pierwsza: jak wyobra\u017casz sobie siebie na emeryturze, to cz\u0119\u015bciej \u017ca\u0142ujemy rzeczy, kt\u00f3rych nie zrobili\u015bmy. Druga: s\u0142owa W\u0142adys\u0142awa Bartoszewskiego \u2013 s\u0105 na \u015bwiecie rzeczy, kt\u00f3re si\u0119 op\u0142acaj\u0105, i takie, kt\u00f3re warto robi\u0107. Co si\u0119 op\u0142aca, nie zawsze warto. A co warto, nie zawsze si\u0119 op\u0142aca. Dotar\u0142o do mnie, \u017ce mi si\u0119 bardzo op\u0142aca zosta\u0107 w IT. Ale nie warto. Zgnu\u015bnia\u0142bym, zmarnowa\u0142bym si\u0119.\r\n\r\n<strong>Rafa\u0142:<\/strong>\u00a0Pami\u0119tam rozmow\u0119 rekrutacyjn\u0105 w szkole terapeutycznej. Pytaj\u0105: \u201eA dlaczego? Przecie\u017c pan ma zaw\u00f3d\u201d. M\u00f3wi\u0119: \u201eBo w\u0142a\u015bnie \u2013 wiem, \u017ce mi si\u0119 to nie op\u0142aca. Ale czuj\u0119, \u017ce warto. I chc\u0119 spr\u00f3bowa\u0107\u201d.\r\n<h3 id=\"h-jak-wygladalo-finalne-przejscie\" class=\"wp-block-heading\">Jak wygl\u0105da\u0142o finalne przej\u015bcie?<\/h3>\r\n<strong>Dominik:<\/strong>\u00a0By\u0142 taki moment definiuj\u0105cy, kiedy zamkn\u0105\u0142e\u015b jedn\u0105 \u015bcie\u017ck\u0119?\r\n\r\n<strong>Rafa\u0142:<\/strong>\u00a0To, z czego jestem dumny, to \u017ce da\u0142em sobie czas. Nie zamkn\u0105\u0142em oczu i nie skoczy\u0142em. Raczej pozwoli\u0142em sobie podo\u015bwiadcza\u0107, poodycha\u0107 w tym, co jest. W pewnym momencie poczu\u0142em, \u017ce trac\u0119 serce do realizowania projekt\u00f3w IT. I to si\u0119 wysyci\u0142o naturalnie. Powiedzia\u0142em szefowej na pocz\u0105tku roku, \u017ce w po\u0142owie roku chc\u0119 zamkn\u0105\u0107 t\u0119 \u015bcie\u017ck\u0119. Da\u0142em sobie czas na podomykanie. Pierwszy raz w \u017cyciu mog\u0119 powiedzie\u0107, \u017ce to nie by\u0142o nagle, tylko \u015bwiadomie.\r\n\r\n<strong>Dominik:<\/strong>\u00a0Czy my\u015blisz teraz, \u017ce to Tw\u00f3j ostatni zaw\u00f3d?\r\n<h3 id=\"h-wchodzenie-w-interakcje-ze-swiatem-podejscie-gestaltowskie\" class=\"wp-block-heading\">Wchodzenie w interakcj\u0119 ze \u015bwiatem \u2013 podej\u015bcie gestaltowskie<\/h3>\r\n<strong>Rafa\u0142:<\/strong>\u00a0Jako\u015b mi si\u0119 \u0142\u0105cz\u0105 te pytania. Z czego jestem dumny, to te\u017c ten proces eksperymentowania. Kiedy by\u0142em zamkni\u0119ty, np. napisa\u0142em artyku\u0142 na bloga \u2013 to mia\u0142em poczucie, \u017ce \u015bwiat si\u0119 zaraz zatrzyma, jak go opublikuj\u0119. Zamyka\u0142em oczy i klika\u0142em \u201eopublikuj\u201d. Oczywi\u015bcie nic si\u0119 nie sta\u0142o, nikt nie przeczyta\u0142. Ale ten l\u0119k o reakcj\u0119 \u015bwiata jest ogromny.\r\n\r\nPeter Philippson, brytyjski gestaltysta, kt\u00f3rego ksi\u0105\u017cka w\u0142a\u015bnie wysz\u0142a po polsku, m\u00f3wi o tym, \u017ce jak mamy jasny, wytyczony cel i d\u0105\u017cymy do niego, to jest du\u017ce prawdopodobie\u0144stwo, \u017ce mamy niewiele wsp\u00f3lnego ze \u015bwiatem i z innymi lud\u017ami. To, co odkrywam w sobie, to wyj\u015bcie z ciasnego, ale znanego \u015bwiata na rzecz interakcji i wy\u0142aniania si\u0119. Dzi\u0119ki temu, \u017ce jest drugi cz\u0142owiek, kt\u00f3ry jest inny, mo\u017cemy si\u0119 sami przejawi\u0107. Wy\u0142aniamy si\u0119 w relacji do drugiej osoby i do \u015bwiata.\r\n\r\n<strong>Dominik:<\/strong>\u00a0To jest p\u0119tla zwrotna \u2013 praca z lud\u017ami wp\u0142ywa na Ciebie i Twoje postrzeganie.\r\n\r\n<strong>Rafa\u0142:<\/strong>\u00a0W Gestalcie m\u00f3wimy, \u017ce wsp\u00f3\u0142tworzymy si\u0119. Jest takie pole, kt\u00f3re si\u0119 organizuje, a my jeste\u015bmy jego funkcj\u0105. Wy\u0142aniamy si\u0119 w zale\u017cno\u015bci od relacji. Im wi\u0119cej r\u00f3\u017cnych do\u015bwiadcze\u0144, tym wi\u0119cej nowych mo\u017cliwo\u015bci.\r\n<h3 id=\"h-do-kogo-trafiaja-klienci-rafala\" class=\"wp-block-heading\">Do kogo trafiaj\u0105 klienci Rafa\u0142a?<\/h3>\r\n<strong>Dominik:<\/strong>\u00a0Do mnie na pocz\u0105tku trafia\u0142y osoby z IT, bo my\u015bla\u0142y, \u017ce rozumiem ten \u015bwiat. Czy u Ciebie jest podobnie?\r\n\r\n<strong>Rafa\u0142:<\/strong>\u00a0Czasami trafiaj\u0105 osoby z bardzo podobnymi do\u015bwiadczeniami. Sporo przychodzi ludzi, kt\u00f3rzy do\u015bwiadczaj\u0105 samotno\u015bci liderskiej \u2013 przedsi\u0119biorcy, mened\u017cerowie. Te\u017c du\u017co os\u00f3b z problemami relacyjnymi. Ale szukaj\u0105c wsp\u00f3lnego mianownika \u2013 mam poczucie, \u017ce s\u0105 takie miejsca w nas, w kt\u00f3rych jeste\u015bmy bardzo samotni, odizolowani od \u015bwiata. Wiele os\u00f3b niech\u0119tnie bywa z drugim cz\u0142owiekiem w tych miejscach. A ja nauczy\u0142em si\u0119 \u2013 dzi\u0119ki w\u0142asnemu do\u015bwiadczeniu i pracy z innymi \u2013 wystarczaj\u0105co dobrze by\u0107 z lud\u017ami w tych miejscach biedy, cierpienia, b\u00f3lu.\r\n\r\nTo co\u015b niewerbalnego i nieuchwytnego. \u017badne KPI. Co\u015b tak ludzkiego i prostego jak obecno\u015b\u0107 i autentyczne bycie ze sob\u0105.\r\n<h3 id=\"h-co-poradzic-komus-kto-chce-zmienic-zawod-ale-nie-wie-jak\" class=\"wp-block-heading\">Co poradzi\u0107 komu\u015b, kto chce zmieni\u0107 zaw\u00f3d, ale nie wie jak?<\/h3>\r\n<strong>Dominik:<\/strong>\u00a0Przychodzi do Ciebie cz\u0142owiek, kt\u00f3ry czuje, \u017ce to nie to, i chcia\u0142by co\u015b zmieni\u0107. Co by\u015b poradzi\u0142 na pierwszy krok?\r\n\r\n<strong>Rafa\u0142:<\/strong>\u00a0Ten moment niewiedzy, niewiedzenia, zagubienia, w\u0105tpliwo\u015bci \u2013 to jest dobre miejsce, \u017ceby zacz\u0105\u0107. Zach\u0119ca\u0142bym, \u017ceby\u015bmy zwolnili i pobyli w tej niewiedzy. Nie jestem fanem pospieszania rzeki. Widz\u0119 du\u017ce ryzyko, \u017ce gdyby\u015bmy pochopnie zgadywali, to mo\u017cemy co\u015b wymy\u015bli\u0107 tylko po to, \u017ceby nie zosta\u0107 w dyskomforcie niewiedzenia.\r\n\r\nW Gestalcie mamy paradoksaln\u0105 teori\u0119 zmiany: zmiana polega na tym, \u017ceby sta\u0107 si\u0119 bardziej sob\u0105. Je\u015bli jeste\u015b w\u0105tpi\u0105cym \u2013 zosta\u0144 w tych w\u0105tpliwo\u015bciach. Zobaczymy, dok\u0105d nas to doprowadzi. Rzeka ci\u0105gle p\u0142ynie. Pewne jest tylko to, \u017ce po tym, co jest, przyjdzie co\u015b nast\u0119pnego. Nie trzeba wiedzie\u0107, co to b\u0119dzie. Najcz\u0119\u015bciej utykamy, gdy pr\u00f3bujemy przeskoczy\u0107 miejsce, w kt\u00f3rym jeste\u015bmy.\r\n\r\n<strong>Dominik:<\/strong>\u00a0Jak o tym m\u00f3wi\u0142e\u015b, pomy\u015bla\u0142em o jednym dopowiedzeniu \u2013 obok tego, co powiedzia\u0142e\u015b. Bycie w\u0105tpi\u0105cym to fajny moment w \u017cyciu. Rzadko kto\u015b si\u0119 przedstawia \u201ekim jeste\u015b? \u2013 jestem w\u0105tpi\u0105cy\u201d. A to mo\u017ce by\u0107 bardzo warto\u015bciowe. I jest \u0142atwiejsze, kiedy mam \u015bwiadomo\u015b\u0107 swoich zasob\u00f3w \u2013 relacyjnych, finansowych, pracy, kt\u00f3ra jest ok. To daje przestrze\u0144 na w\u0105tpienie bez ognia pod nogami.\r\n\r\n<strong>Rafa\u0142:<\/strong>\u00a0Dok\u0142adnie. To bycie w\u0105tpi\u0105cym, jak o tym rozmawiamy, mogliby\u015bmy potraktowa\u0107 jako zas\u00f3b. Je\u015bli ludzie potrafi\u0105 si\u0119 z tym oswoi\u0107, to nagle to staje si\u0119 nawet przewag\u0105. Kiedy wszyscy dooko\u0142a panikuj\u0105, bo musz\u0105 wiedzie\u0107 i dzia\u0142a\u0107, Ty mo\u017cesz sobie zosta\u0107, pobywa\u0107 w niewiedzy i poczeka\u0107, a\u017c b\u0119dziesz wiedzia\u0142.\r\n<h3 id=\"h-polecenia-na-koniec\" class=\"wp-block-heading\">Polecenia na koniec<\/h3>\r\n<strong>Dominik:<\/strong>\u00a0Gdzie mo\u017cna Ci\u0119 znale\u017a\u0107 i jak\u0105 ksi\u0105\u017ck\u0119 polecasz?\r\n\r\n<strong>Rafa\u0142:<\/strong>\u00a0Najprostsza droga to\u00a0<a href=\"https:\/\/naszerelacje.pl\/\">naszerelacje.pl<\/a>. Je\u015bli chodzi o ksi\u0105\u017cki \u2013 Jan Roubal wyda\u0142 w Polsce ksi\u0105\u017ck\u0119\u00a0<em>Nie przeszkadza\u0107 nadziei<\/em>. To czeski gestaltysta. Ksi\u0105\u017cka jest dla os\u00f3b, kt\u00f3re mierz\u0105 si\u0119 z depresj\u0105. Bardzo polecam \u2013 bardziej dla terapeut\u00f3w, ale niezwykle warto\u015bciowa.\r\n\r\nZ polskich autorek \u2013 Katarzyna Rejniak,\u00a0<em>(Nie)obecno\u015b\u0107<\/em>. To ksi\u0105\u017cka o uzale\u017cnieniach, ale te\u017c o samotno\u015bci w dzisiejszych czasach, o behawioralnych uzale\u017cnieniach. Bardzo polecam. I Peter Philippson, kt\u00f3rego ju\u017c wcze\u015bniej wspomnia\u0142em \u2013 jego ksi\u0105\u017cka w\u0142a\u015bnie wysz\u0142a po polsku.\r\n\r\n<strong>Dominik:<\/strong>\u00a0Pozw\u00f3lcie sobie na to bycie w\u0105tpi\u0105cym. Mo\u017ce ruszy\u0107 to, pobywa\u0107 z tym przez jaki\u015b czas i zobaczy\u0107, co z tego wyjdzie.\r\n\r\n<strong>Rafa\u0142:<\/strong>\u00a0I jeszcze takie has\u0142o na koniec: jak nie wiecie, co chcecie robi\u0107, to mo\u017cecie zacz\u0105\u0107 od tego, czego nie chcecie. To te\u017c jest ok. Jak zaczniecie eliminowa\u0107, to w ko\u0144cu co\u015b zechcecie.\r\n\r\n<\/div>\r\n&nbsp;\r\n<p style=\"background-color: #f1faee;\"><img loading=\"lazy\" decoding=\"async\" class=\"size-medium wp-image-3833 alignright\" src=\"https:\/\/naszerelacje.pl\/wp-content\/uploads\/2024\/08\/Nasze-Relacje-O-mnie-Rafal-Stolarek-small.webp\" alt=\"Psychoterapia Piaseczno Rafa\u0142 Stolarek Psychoterapeuta Piaseczno\" width=\"225\" height=\"300\" \/>Jestem certyfikowanym psychoterapeut\u0105 w podej\u015bciu Gestalt (EAGT, PTPG). Wierz\u0119, \u017ce uzdrowienie zaczyna si\u0119 tam, gdzie przestajemy by\u0107 sami ze swoim cierpieniem. Oferuj\u0119 obecno\u015b\u0107 przy tym, co trudne \u2013 bez po\u015bpiechu i krytyki, by\u015bmy wsp\u00f3lnie tworzyli przestrze\u0144 poszerzania \u015bwiadomo\u015bci oraz odkrywania nowych sposob\u00f3w kontaktowania si\u0119 ze sob\u0105 i z innymi. Zapraszam na sesje indywidualne, dla par i grup w Piasecznie oraz online.<\/p>\r\nRafa\u0142 Stolarek\r\nCentrum Rozwoju Nasze Relacje\r\n<a href=\"tel:888-200-760\">888-200-760<\/a>\r\n<a href=\"mailto:kontakt@naszerelacje.pl\">kontakt@naszerelacje.pl<\/a>\r\n\r\n\r\n<p style=\"background-color: #edfaf7;\">                <div class=\"ml-embedded\" data-form=\"DcUoSb\"><\/div>\n            <\/p><!-- \/wp:post-content -->","protected":false},"excerpt":{"rendered":"<p>W tym wpisie zapraszam Ci\u0119 do pos\u0142uchania odcinka podcastu Z pasj\u0105 o mocnych stronach, prowadzonego przez Dominika Juszczyka, w kt\u00f3rym [&hellip;]<\/p>\n","protected":false},"author":1,"featured_media":5025,"comment_status":"open","ping_status":"open","sticky":false,"template":"","format":"standard","meta":{"site-sidebar-layout":"default","site-content-layout":"","ast-site-content-layout":"default","site-content-style":"default","site-sidebar-style":"default","ast-global-header-display":"","ast-banner-title-visibility":"","ast-main-header-display":"","ast-hfb-above-header-display":"","ast-hfb-below-header-display":"","ast-hfb-mobile-header-display":"","site-post-title":"","ast-breadcrumbs-content":"","ast-featured-img":"","footer-sml-layout":"","theme-transparent-header-meta":"default","adv-header-id-meta":"","stick-header-meta":"","header-above-stick-meta":"","header-main-stick-meta":"","header-below-stick-meta":"","astra-migrate-meta-layouts":"set","ast-page-background-enabled":"default","ast-page-background-meta":{"desktop":{"background-color":"var(--ast-global-color-4)","background-image":"","background-repeat":"repeat","background-position":"center center","background-size":"auto","background-attachment":"scroll","background-type":"","background-media":"","overlay-type":"","overlay-color":"","overlay-opacity":"","overlay-gradient":""},"tablet":{"background-color":"","background-image":"","background-repeat":"repeat","background-position":"center center","background-size":"auto","background-attachment":"scroll","background-type":"","background-media":"","overlay-type":"","overlay-color":"","overlay-opacity":"","overlay-gradient":""},"mobile":{"background-color":"","background-image":"","background-repeat":"repeat","background-position":"center center","background-size":"auto","background-attachment":"scroll","background-type":"","background-media":"","overlay-type":"","overlay-color":"","overlay-opacity":"","overlay-gradient":""}},"ast-content-background-meta":{"desktop":{"background-color":"var(--ast-global-color-5)","background-image":"","background-repeat":"repeat","background-position":"center center","background-size":"auto","background-attachment":"scroll","background-type":"","background-media":"","overlay-type":"","overlay-color":"","overlay-opacity":"","overlay-gradient":""},"tablet":{"background-color":"var(--ast-global-color-5)","background-image":"","background-repeat":"repeat","background-position":"center center","background-size":"auto","background-attachment":"scroll","background-type":"","background-media":"","overlay-type":"","overlay-color":"","overlay-opacity":"","overlay-gradient":""},"mobile":{"background-color":"var(--ast-global-color-5)","background-image":"","background-repeat":"repeat","background-position":"center center","background-size":"auto","background-attachment":"scroll","background-type":"","background-media":"","overlay-type":"","overlay-color":"","overlay-opacity":"","overlay-gradient":""}},"footnotes":"","_links_to":"","_links_to_target":""},"categories":[43],"tags":[41,51,52,45],"class_list":["post-5023","post","type-post","status-publish","format-standard","has-post-thumbnail","hentry","category-relacje","tag-gestalt","tag-inspiracje","tag-podcast","tag-relacje"],"yoast_head":"<!-- This site is optimized with the Yoast SEO plugin v28.3 - https:\/\/yoast.com\/product\/yoast-seo-wordpress\/ -->\n<title>O stawaniu si\u0119 psychoterapeut\u0105 Gestalt - Psychoterapia Gestalt Piaseczno &quot;Nasze Relacje&quot;<\/title>\n<meta name=\"description\" content=\"Rozmowa Rafa\u0142a Stolarka i Dominika Juszczyka o stawaniu si\u0119 psychoterapeut\u0105 Gestalt, w ramach podcastu Z pasj\u0105 o mocnych stronach.\" \/>\n<meta name=\"robots\" content=\"index, follow, max-snippet:-1, max-image-preview:large, max-video-preview:-1\" \/>\n<link rel=\"canonical\" href=\"https:\/\/naszerelacje.pl\/index.php\/o-stawaniu-sie-psychoterapeuta-gestalt-rozmowa-rafala-stolarka-z-dominikiem-juszczykiem\/\" \/>\n<meta property=\"og:locale\" content=\"pl_PL\" \/>\n<meta property=\"og:type\" content=\"article\" \/>\n<meta property=\"og:title\" content=\"O stawaniu si\u0119 psychoterapeut\u0105 Gestalt - Psychoterapia Gestalt Piaseczno &quot;Nasze Relacje&quot;\" \/>\n<meta property=\"og:description\" content=\"Rozmowa Rafa\u0142a Stolarka i Dominika Juszczyka o stawaniu si\u0119 psychoterapeut\u0105 Gestalt, w ramach podcastu Z pasj\u0105 o mocnych stronach.\" \/>\n<meta property=\"og:url\" content=\"https:\/\/naszerelacje.pl\/index.php\/o-stawaniu-sie-psychoterapeuta-gestalt-rozmowa-rafala-stolarka-z-dominikiem-juszczykiem\/\" \/>\n<meta property=\"og:site_name\" content=\"Psychoterapia Gestalt Piaseczno &quot;Nasze Relacje&quot;\" \/>\n<meta property=\"article:published_time\" content=\"2026-06-11T08:38:00+00:00\" \/>\n<meta property=\"article:modified_time\" content=\"2026-06-19T07:33:55+00:00\" \/>\n<meta property=\"og:image\" content=\"https:\/\/naszerelacje.pl\/wp-content\/uploads\/2026\/06\/Rafal-Stolarek-Psychoterapeuta-Gestalt-podcast-o-zmianie-zawodowej.jpg\" \/>\n\t<meta property=\"og:image:width\" content=\"532\" \/>\n\t<meta property=\"og:image:height\" content=\"300\" \/>\n\t<meta property=\"og:image:type\" content=\"image\/jpeg\" \/>\n<meta name=\"author\" content=\"Rafa\u0142 Stolarek\" \/>\n<meta name=\"twitter:card\" content=\"summary_large_image\" \/>\n<meta name=\"twitter:label1\" content=\"Napisane przez\" \/>\n\t<meta name=\"twitter:data1\" content=\"Rafa\u0142 Stolarek\" \/>\n\t<meta name=\"twitter:label2\" content=\"Szacowany czas czytania\" \/>\n\t<meta name=\"twitter:data2\" content=\"16 minut\" \/>\n<script type=\"application\/ld+json\" class=\"yoast-schema-graph\">{\"@context\":\"https:\\\/\\\/schema.org\",\"@graph\":[{\"@type\":\"Article\",\"@id\":\"https:\\\/\\\/naszerelacje.pl\\\/index.php\\\/o-stawaniu-sie-psychoterapeuta-gestalt-rozmowa-rafala-stolarka-z-dominikiem-juszczykiem\\\/#article\",\"isPartOf\":{\"@id\":\"https:\\\/\\\/naszerelacje.pl\\\/index.php\\\/o-stawaniu-sie-psychoterapeuta-gestalt-rozmowa-rafala-stolarka-z-dominikiem-juszczykiem\\\/\"},\"author\":{\"name\":\"Rafa\u0142 Stolarek\",\"@id\":\"https:\\\/\\\/naszerelacje.pl\\\/#\\\/schema\\\/person\\\/fc787e4f854cea7a1ee70801cedef96c\"},\"headline\":\"O stawaniu si\u0119 psychoterapeut\u0105 Gestalt\",\"datePublished\":\"2026-06-11T08:38:00+00:00\",\"dateModified\":\"2026-06-19T07:33:55+00:00\",\"mainEntityOfPage\":{\"@id\":\"https:\\\/\\\/naszerelacje.pl\\\/index.php\\\/o-stawaniu-sie-psychoterapeuta-gestalt-rozmowa-rafala-stolarka-z-dominikiem-juszczykiem\\\/\"},\"wordCount\":3170,\"commentCount\":0,\"publisher\":{\"@id\":\"https:\\\/\\\/naszerelacje.pl\\\/#\\\/schema\\\/person\\\/fc787e4f854cea7a1ee70801cedef96c\"},\"image\":{\"@id\":\"https:\\\/\\\/naszerelacje.pl\\\/index.php\\\/o-stawaniu-sie-psychoterapeuta-gestalt-rozmowa-rafala-stolarka-z-dominikiem-juszczykiem\\\/#primaryimage\"},\"thumbnailUrl\":\"https:\\\/\\\/naszerelacje.pl\\\/wp-content\\\/uploads\\\/2026\\\/06\\\/Rafal-Stolarek-Psychoterapeuta-Gestalt-podcast-o-zmianie-zawodowej.jpg\",\"keywords\":[\"gestalt\",\"inspiracje\",\"podcast\",\"relacje\"],\"articleSection\":[\"Relacje\"],\"inLanguage\":\"pl-PL\",\"potentialAction\":[{\"@type\":\"CommentAction\",\"name\":\"Comment\",\"target\":[\"https:\\\/\\\/naszerelacje.pl\\\/index.php\\\/o-stawaniu-sie-psychoterapeuta-gestalt-rozmowa-rafala-stolarka-z-dominikiem-juszczykiem\\\/#respond\"]}]},{\"@type\":\"WebPage\",\"@id\":\"https:\\\/\\\/naszerelacje.pl\\\/index.php\\\/o-stawaniu-sie-psychoterapeuta-gestalt-rozmowa-rafala-stolarka-z-dominikiem-juszczykiem\\\/\",\"url\":\"https:\\\/\\\/naszerelacje.pl\\\/index.php\\\/o-stawaniu-sie-psychoterapeuta-gestalt-rozmowa-rafala-stolarka-z-dominikiem-juszczykiem\\\/\",\"name\":\"O stawaniu si\u0119 psychoterapeut\u0105 Gestalt - Psychoterapia Gestalt Piaseczno &quot;Nasze Relacje&quot;\",\"isPartOf\":{\"@id\":\"https:\\\/\\\/naszerelacje.pl\\\/#website\"},\"primaryImageOfPage\":{\"@id\":\"https:\\\/\\\/naszerelacje.pl\\\/index.php\\\/o-stawaniu-sie-psychoterapeuta-gestalt-rozmowa-rafala-stolarka-z-dominikiem-juszczykiem\\\/#primaryimage\"},\"image\":{\"@id\":\"https:\\\/\\\/naszerelacje.pl\\\/index.php\\\/o-stawaniu-sie-psychoterapeuta-gestalt-rozmowa-rafala-stolarka-z-dominikiem-juszczykiem\\\/#primaryimage\"},\"thumbnailUrl\":\"https:\\\/\\\/naszerelacje.pl\\\/wp-content\\\/uploads\\\/2026\\\/06\\\/Rafal-Stolarek-Psychoterapeuta-Gestalt-podcast-o-zmianie-zawodowej.jpg\",\"datePublished\":\"2026-06-11T08:38:00+00:00\",\"dateModified\":\"2026-06-19T07:33:55+00:00\",\"description\":\"Rozmowa Rafa\u0142a Stolarka i Dominika Juszczyka o stawaniu si\u0119 psychoterapeut\u0105 Gestalt, w ramach podcastu Z pasj\u0105 o mocnych stronach.\",\"breadcrumb\":{\"@id\":\"https:\\\/\\\/naszerelacje.pl\\\/index.php\\\/o-stawaniu-sie-psychoterapeuta-gestalt-rozmowa-rafala-stolarka-z-dominikiem-juszczykiem\\\/#breadcrumb\"},\"inLanguage\":\"pl-PL\",\"potentialAction\":[{\"@type\":\"ReadAction\",\"target\":[\"https:\\\/\\\/naszerelacje.pl\\\/index.php\\\/o-stawaniu-sie-psychoterapeuta-gestalt-rozmowa-rafala-stolarka-z-dominikiem-juszczykiem\\\/\"]}]},{\"@type\":\"ImageObject\",\"inLanguage\":\"pl-PL\",\"@id\":\"https:\\\/\\\/naszerelacje.pl\\\/index.php\\\/o-stawaniu-sie-psychoterapeuta-gestalt-rozmowa-rafala-stolarka-z-dominikiem-juszczykiem\\\/#primaryimage\",\"url\":\"https:\\\/\\\/naszerelacje.pl\\\/wp-content\\\/uploads\\\/2026\\\/06\\\/Rafal-Stolarek-Psychoterapeuta-Gestalt-podcast-o-zmianie-zawodowej.jpg\",\"contentUrl\":\"https:\\\/\\\/naszerelacje.pl\\\/wp-content\\\/uploads\\\/2026\\\/06\\\/Rafal-Stolarek-Psychoterapeuta-Gestalt-podcast-o-zmianie-zawodowej.jpg\",\"width\":532,\"height\":300,\"caption\":\"Rafa\u0142 Stolarek Psychoterapeuta Gestalt podcast o zmianie zawodowej\"},{\"@type\":\"BreadcrumbList\",\"@id\":\"https:\\\/\\\/naszerelacje.pl\\\/index.php\\\/o-stawaniu-sie-psychoterapeuta-gestalt-rozmowa-rafala-stolarka-z-dominikiem-juszczykiem\\\/#breadcrumb\",\"itemListElement\":[{\"@type\":\"ListItem\",\"position\":1,\"name\":\"Strona g\u0142\u00f3wna\",\"item\":\"https:\\\/\\\/naszerelacje.pl\\\/\"},{\"@type\":\"ListItem\",\"position\":2,\"name\":\"O stawaniu si\u0119 psychoterapeut\u0105 Gestalt\"}]},{\"@type\":\"WebSite\",\"@id\":\"https:\\\/\\\/naszerelacje.pl\\\/#website\",\"url\":\"https:\\\/\\\/naszerelacje.pl\\\/\",\"name\":\"Psychoterapia Gestalt Piaseczno &quot;Nasze Relacje&quot;\",\"description\":\"Psychoterapia Piaseczno - prowadzona w podej\u015bciu Gestalt - w Piasecznie i online\",\"publisher\":{\"@id\":\"https:\\\/\\\/naszerelacje.pl\\\/#\\\/schema\\\/person\\\/fc787e4f854cea7a1ee70801cedef96c\"},\"potentialAction\":[{\"@type\":\"SearchAction\",\"target\":{\"@type\":\"EntryPoint\",\"urlTemplate\":\"https:\\\/\\\/naszerelacje.pl\\\/?s={search_term_string}\"},\"query-input\":{\"@type\":\"PropertyValueSpecification\",\"valueRequired\":true,\"valueName\":\"search_term_string\"}}],\"inLanguage\":\"pl-PL\"},{\"@type\":[\"Person\",\"Organization\"],\"@id\":\"https:\\\/\\\/naszerelacje.pl\\\/#\\\/schema\\\/person\\\/fc787e4f854cea7a1ee70801cedef96c\",\"name\":\"Rafa\u0142 Stolarek\",\"image\":{\"@type\":\"ImageObject\",\"inLanguage\":\"pl-PL\",\"@id\":\"https:\\\/\\\/naszerelacje.pl\\\/wp-content\\\/uploads\\\/2018\\\/07\\\/MailerLiteEdited.jpeg\",\"url\":\"https:\\\/\\\/naszerelacje.pl\\\/wp-content\\\/uploads\\\/2018\\\/07\\\/MailerLiteEdited.jpeg\",\"contentUrl\":\"https:\\\/\\\/naszerelacje.pl\\\/wp-content\\\/uploads\\\/2018\\\/07\\\/MailerLiteEdited.jpeg\",\"width\":703,\"height\":800,\"caption\":\"Rafa\u0142 Stolarek\"},\"logo\":{\"@id\":\"https:\\\/\\\/naszerelacje.pl\\\/wp-content\\\/uploads\\\/2018\\\/07\\\/MailerLiteEdited.jpeg\"},\"sameAs\":[\"http:\\\/\\\/naszerelacje.pl\"]}]}<\/script>\n<!-- \/ Yoast SEO plugin. -->","yoast_head_json":{"title":"O stawaniu si\u0119 psychoterapeut\u0105 Gestalt - Psychoterapia Gestalt Piaseczno &quot;Nasze Relacje&quot;","description":"Rozmowa Rafa\u0142a Stolarka i Dominika Juszczyka o stawaniu si\u0119 psychoterapeut\u0105 Gestalt, w ramach podcastu Z pasj\u0105 o mocnych stronach.","robots":{"index":"index","follow":"follow","max-snippet":"max-snippet:-1","max-image-preview":"max-image-preview:large","max-video-preview":"max-video-preview:-1"},"canonical":"https:\/\/naszerelacje.pl\/index.php\/o-stawaniu-sie-psychoterapeuta-gestalt-rozmowa-rafala-stolarka-z-dominikiem-juszczykiem\/","og_locale":"pl_PL","og_type":"article","og_title":"O stawaniu si\u0119 psychoterapeut\u0105 Gestalt - Psychoterapia Gestalt Piaseczno &quot;Nasze Relacje&quot;","og_description":"Rozmowa Rafa\u0142a Stolarka i Dominika Juszczyka o stawaniu si\u0119 psychoterapeut\u0105 Gestalt, w ramach podcastu Z pasj\u0105 o mocnych stronach.","og_url":"https:\/\/naszerelacje.pl\/index.php\/o-stawaniu-sie-psychoterapeuta-gestalt-rozmowa-rafala-stolarka-z-dominikiem-juszczykiem\/","og_site_name":"Psychoterapia Gestalt Piaseczno &quot;Nasze Relacje&quot;","article_published_time":"2026-06-11T08:38:00+00:00","article_modified_time":"2026-06-19T07:33:55+00:00","og_image":[{"width":532,"height":300,"url":"https:\/\/naszerelacje.pl\/wp-content\/uploads\/2026\/06\/Rafal-Stolarek-Psychoterapeuta-Gestalt-podcast-o-zmianie-zawodowej.jpg","type":"image\/jpeg"}],"author":"Rafa\u0142 Stolarek","twitter_card":"summary_large_image","twitter_misc":{"Napisane przez":"Rafa\u0142 Stolarek","Szacowany czas czytania":"16 minut"},"schema":{"@context":"https:\/\/schema.org","@graph":[{"@type":"Article","@id":"https:\/\/naszerelacje.pl\/index.php\/o-stawaniu-sie-psychoterapeuta-gestalt-rozmowa-rafala-stolarka-z-dominikiem-juszczykiem\/#article","isPartOf":{"@id":"https:\/\/naszerelacje.pl\/index.php\/o-stawaniu-sie-psychoterapeuta-gestalt-rozmowa-rafala-stolarka-z-dominikiem-juszczykiem\/"},"author":{"name":"Rafa\u0142 Stolarek","@id":"https:\/\/naszerelacje.pl\/#\/schema\/person\/fc787e4f854cea7a1ee70801cedef96c"},"headline":"O stawaniu si\u0119 psychoterapeut\u0105 Gestalt","datePublished":"2026-06-11T08:38:00+00:00","dateModified":"2026-06-19T07:33:55+00:00","mainEntityOfPage":{"@id":"https:\/\/naszerelacje.pl\/index.php\/o-stawaniu-sie-psychoterapeuta-gestalt-rozmowa-rafala-stolarka-z-dominikiem-juszczykiem\/"},"wordCount":3170,"commentCount":0,"publisher":{"@id":"https:\/\/naszerelacje.pl\/#\/schema\/person\/fc787e4f854cea7a1ee70801cedef96c"},"image":{"@id":"https:\/\/naszerelacje.pl\/index.php\/o-stawaniu-sie-psychoterapeuta-gestalt-rozmowa-rafala-stolarka-z-dominikiem-juszczykiem\/#primaryimage"},"thumbnailUrl":"https:\/\/naszerelacje.pl\/wp-content\/uploads\/2026\/06\/Rafal-Stolarek-Psychoterapeuta-Gestalt-podcast-o-zmianie-zawodowej.jpg","keywords":["gestalt","inspiracje","podcast","relacje"],"articleSection":["Relacje"],"inLanguage":"pl-PL","potentialAction":[{"@type":"CommentAction","name":"Comment","target":["https:\/\/naszerelacje.pl\/index.php\/o-stawaniu-sie-psychoterapeuta-gestalt-rozmowa-rafala-stolarka-z-dominikiem-juszczykiem\/#respond"]}]},{"@type":"WebPage","@id":"https:\/\/naszerelacje.pl\/index.php\/o-stawaniu-sie-psychoterapeuta-gestalt-rozmowa-rafala-stolarka-z-dominikiem-juszczykiem\/","url":"https:\/\/naszerelacje.pl\/index.php\/o-stawaniu-sie-psychoterapeuta-gestalt-rozmowa-rafala-stolarka-z-dominikiem-juszczykiem\/","name":"O stawaniu si\u0119 psychoterapeut\u0105 Gestalt - Psychoterapia Gestalt Piaseczno &quot;Nasze Relacje&quot;","isPartOf":{"@id":"https:\/\/naszerelacje.pl\/#website"},"primaryImageOfPage":{"@id":"https:\/\/naszerelacje.pl\/index.php\/o-stawaniu-sie-psychoterapeuta-gestalt-rozmowa-rafala-stolarka-z-dominikiem-juszczykiem\/#primaryimage"},"image":{"@id":"https:\/\/naszerelacje.pl\/index.php\/o-stawaniu-sie-psychoterapeuta-gestalt-rozmowa-rafala-stolarka-z-dominikiem-juszczykiem\/#primaryimage"},"thumbnailUrl":"https:\/\/naszerelacje.pl\/wp-content\/uploads\/2026\/06\/Rafal-Stolarek-Psychoterapeuta-Gestalt-podcast-o-zmianie-zawodowej.jpg","datePublished":"2026-06-11T08:38:00+00:00","dateModified":"2026-06-19T07:33:55+00:00","description":"Rozmowa Rafa\u0142a Stolarka i Dominika Juszczyka o stawaniu si\u0119 psychoterapeut\u0105 Gestalt, w ramach podcastu Z pasj\u0105 o mocnych stronach.","breadcrumb":{"@id":"https:\/\/naszerelacje.pl\/index.php\/o-stawaniu-sie-psychoterapeuta-gestalt-rozmowa-rafala-stolarka-z-dominikiem-juszczykiem\/#breadcrumb"},"inLanguage":"pl-PL","potentialAction":[{"@type":"ReadAction","target":["https:\/\/naszerelacje.pl\/index.php\/o-stawaniu-sie-psychoterapeuta-gestalt-rozmowa-rafala-stolarka-z-dominikiem-juszczykiem\/"]}]},{"@type":"ImageObject","inLanguage":"pl-PL","@id":"https:\/\/naszerelacje.pl\/index.php\/o-stawaniu-sie-psychoterapeuta-gestalt-rozmowa-rafala-stolarka-z-dominikiem-juszczykiem\/#primaryimage","url":"https:\/\/naszerelacje.pl\/wp-content\/uploads\/2026\/06\/Rafal-Stolarek-Psychoterapeuta-Gestalt-podcast-o-zmianie-zawodowej.jpg","contentUrl":"https:\/\/naszerelacje.pl\/wp-content\/uploads\/2026\/06\/Rafal-Stolarek-Psychoterapeuta-Gestalt-podcast-o-zmianie-zawodowej.jpg","width":532,"height":300,"caption":"Rafa\u0142 Stolarek Psychoterapeuta Gestalt podcast o zmianie zawodowej"},{"@type":"BreadcrumbList","@id":"https:\/\/naszerelacje.pl\/index.php\/o-stawaniu-sie-psychoterapeuta-gestalt-rozmowa-rafala-stolarka-z-dominikiem-juszczykiem\/#breadcrumb","itemListElement":[{"@type":"ListItem","position":1,"name":"Strona g\u0142\u00f3wna","item":"https:\/\/naszerelacje.pl\/"},{"@type":"ListItem","position":2,"name":"O stawaniu si\u0119 psychoterapeut\u0105 Gestalt"}]},{"@type":"WebSite","@id":"https:\/\/naszerelacje.pl\/#website","url":"https:\/\/naszerelacje.pl\/","name":"Psychoterapia Gestalt Piaseczno &quot;Nasze Relacje&quot;","description":"Psychoterapia Piaseczno - prowadzona w podej\u015bciu Gestalt - w Piasecznie i online","publisher":{"@id":"https:\/\/naszerelacje.pl\/#\/schema\/person\/fc787e4f854cea7a1ee70801cedef96c"},"potentialAction":[{"@type":"SearchAction","target":{"@type":"EntryPoint","urlTemplate":"https:\/\/naszerelacje.pl\/?s={search_term_string}"},"query-input":{"@type":"PropertyValueSpecification","valueRequired":true,"valueName":"search_term_string"}}],"inLanguage":"pl-PL"},{"@type":["Person","Organization"],"@id":"https:\/\/naszerelacje.pl\/#\/schema\/person\/fc787e4f854cea7a1ee70801cedef96c","name":"Rafa\u0142 Stolarek","image":{"@type":"ImageObject","inLanguage":"pl-PL","@id":"https:\/\/naszerelacje.pl\/wp-content\/uploads\/2018\/07\/MailerLiteEdited.jpeg","url":"https:\/\/naszerelacje.pl\/wp-content\/uploads\/2018\/07\/MailerLiteEdited.jpeg","contentUrl":"https:\/\/naszerelacje.pl\/wp-content\/uploads\/2018\/07\/MailerLiteEdited.jpeg","width":703,"height":800,"caption":"Rafa\u0142 Stolarek"},"logo":{"@id":"https:\/\/naszerelacje.pl\/wp-content\/uploads\/2018\/07\/MailerLiteEdited.jpeg"},"sameAs":["http:\/\/naszerelacje.pl"]}]}},"_links":{"self":[{"href":"https:\/\/naszerelacje.pl\/index.php\/wp-json\/wp\/v2\/posts\/5023","targetHints":{"allow":["GET"]}}],"collection":[{"href":"https:\/\/naszerelacje.pl\/index.php\/wp-json\/wp\/v2\/posts"}],"about":[{"href":"https:\/\/naszerelacje.pl\/index.php\/wp-json\/wp\/v2\/types\/post"}],"author":[{"embeddable":true,"href":"https:\/\/naszerelacje.pl\/index.php\/wp-json\/wp\/v2\/users\/1"}],"replies":[{"embeddable":true,"href":"https:\/\/naszerelacje.pl\/index.php\/wp-json\/wp\/v2\/comments?post=5023"}],"version-history":[{"count":5,"href":"https:\/\/naszerelacje.pl\/index.php\/wp-json\/wp\/v2\/posts\/5023\/revisions"}],"predecessor-version":[{"id":5059,"href":"https:\/\/naszerelacje.pl\/index.php\/wp-json\/wp\/v2\/posts\/5023\/revisions\/5059"}],"wp:featuredmedia":[{"embeddable":true,"href":"https:\/\/naszerelacje.pl\/index.php\/wp-json\/wp\/v2\/media\/5025"}],"wp:attachment":[{"href":"https:\/\/naszerelacje.pl\/index.php\/wp-json\/wp\/v2\/media?parent=5023"}],"wp:term":[{"taxonomy":"category","embeddable":true,"href":"https:\/\/naszerelacje.pl\/index.php\/wp-json\/wp\/v2\/categories?post=5023"},{"taxonomy":"post_tag","embeddable":true,"href":"https:\/\/naszerelacje.pl\/index.php\/wp-json\/wp\/v2\/tags?post=5023"}],"curies":[{"name":"wp","href":"https:\/\/api.w.org\/{rel}","templated":true}]}}